{"id":10773,"date":"2023-03-22T13:19:42","date_gmt":"2023-03-22T13:19:42","guid":{"rendered":"https:\/\/change2value.com\/?p=10773"},"modified":"2023-03-30T00:19:10","modified_gmt":"2023-03-30T00:19:10","slug":"lovehr-summit","status":"publish","type":"post","link":"https:\/\/change2value.si\/en\/2023\/03\/22\/lovehr-summit\/","title":{"rendered":"loveHR Summit"},"content":{"rendered":"<div data-elementor-type=\"wp-post\" data-elementor-id=\"10773\" class=\"elementor elementor-10773\" data-elementor-post-type=\"post\">\n\t\t\t\t\t\t<section class=\"elementor-section elementor-top-section elementor-element elementor-element-424482f elementor-section-height-min-height elementor-section-stretched elementor-hidden-mobile elementor-section-items-bottom elementor-section-boxed elementor-section-height-default\" data-id=\"424482f\" data-element_type=\"section\" data-settings=\"{&quot;stretch_section&quot;:&quot;section-stretched&quot;,&quot;background_background&quot;:&quot;classic&quot;}\">\n\t\t\t\t\t\t\t<div class=\"elementor-background-overlay\"><\/div>\n\t\t\t\t\t\t\t<div class=\"elementor-container elementor-column-gap-no\">\n\t\t\t\t\t<div class=\"elementor-column elementor-col-100 elementor-top-column elementor-element elementor-element-dbb2c40\" data-id=\"dbb2c40\" data-element_type=\"column\">\n\t\t\t<div class=\"elementor-widget-wrap elementor-element-populated\">\n\t\t\t\t\t\t<section class=\"elementor-section elementor-inner-section elementor-element elementor-element-14fa2ff elementor-section-boxed elementor-section-height-default elementor-section-height-default\" data-id=\"14fa2ff\" data-element_type=\"section\">\n\t\t\t\t\t\t<div class=\"elementor-container elementor-column-gap-default\">\n\t\t\t\t\t<div class=\"elementor-column elementor-col-100 elementor-inner-column elementor-element elementor-element-7340b91\" data-id=\"7340b91\" data-element_type=\"column\" data-settings=\"{&quot;background_background&quot;:&quot;classic&quot;}\">\n\t\t\t<div class=\"elementor-widget-wrap elementor-element-populated\">\n\t\t\t\t\t\t<div class=\"elementor-element elementor-element-f5d1a5e elementor-widget elementor-widget-heading\" data-id=\"f5d1a5e\" data-element_type=\"widget\" data-widget_type=\"heading.default\">\n\t\t\t\t<div class=\"elementor-widget-container\">\n\t\t\t\t\t<h2 class=\"elementor-heading-title elementor-size-default\">#loveHR Summit\n<\/h2>\t\t\t\t<\/div>\n\t\t\t\t<\/div>\n\t\t\t\t<div class=\"elementor-element elementor-element-60a5b9a elementor-widget elementor-widget-heading\" data-id=\"60a5b9a\" data-element_type=\"widget\" data-widget_type=\"heading.default\">\n\t\t\t\t<div class=\"elementor-widget-container\">\n\t\t\t\t\t<h2 class=\"elementor-heading-title elementor-size-default\">Slovenski kadrovski kongres 2023<\/h2>\t\t\t\t<\/div>\n\t\t\t\t<\/div>\n\t\t\t\t\t<\/div>\n\t\t<\/div>\n\t\t\t\t\t<\/div>\n\t\t<\/section>\n\t\t\t\t<section class=\"elementor-section elementor-inner-section elementor-element elementor-element-344355a elementor-section-boxed elementor-section-height-default elementor-section-height-default\" data-id=\"344355a\" data-element_type=\"section\">\n\t\t\t\t\t\t<div class=\"elementor-container elementor-column-gap-default\">\n\t\t\t\t\t<div class=\"elementor-column elementor-col-50 elementor-inner-column elementor-element elementor-element-b4bd4e8\" data-id=\"b4bd4e8\" data-element_type=\"column\" data-settings=\"{&quot;background_background&quot;:&quot;classic&quot;}\">\n\t\t\t<div class=\"elementor-widget-wrap elementor-element-populated\">\n\t\t\t\t\t\t<div class=\"elementor-element elementor-element-9afbfe9 elementor-widget elementor-widget-text-editor\" data-id=\"9afbfe9\" data-element_type=\"widget\" data-widget_type=\"text-editor.default\">\n\t\t\t\t<div class=\"elementor-widget-container\">\n\t\t\t\t\t\t\t\t\t<p><strong>13. &#8211; 14. April 2023<\/strong><\/p>\t\t\t\t\t\t\t\t<\/div>\n\t\t\t\t<\/div>\n\t\t\t\t\t<\/div>\n\t\t<\/div>\n\t\t\t\t<div class=\"elementor-column elementor-col-50 elementor-inner-column elementor-element elementor-element-60bdd06\" data-id=\"60bdd06\" data-element_type=\"column\">\n\t\t\t<div class=\"elementor-widget-wrap\">\n\t\t\t\t\t\t\t<\/div>\n\t\t<\/div>\n\t\t\t\t\t<\/div>\n\t\t<\/section>\n\t\t\t\t\t<\/div>\n\t\t<\/div>\n\t\t\t\t\t<\/div>\n\t\t<\/section>\n\t\t\t\t<section class=\"elementor-section elementor-top-section elementor-element elementor-element-74d8b8e elementor-section-boxed elementor-section-height-default elementor-section-height-default\" data-id=\"74d8b8e\" data-element_type=\"section\">\n\t\t\t\t\t\t<div class=\"elementor-container elementor-column-gap-default\">\n\t\t\t\t\t<div class=\"elementor-column elementor-col-50 elementor-top-column elementor-element elementor-element-fb2d836\" data-id=\"fb2d836\" data-element_type=\"column\">\n\t\t\t<div class=\"elementor-widget-wrap elementor-element-populated\">\n\t\t\t\t\t\t<div class=\"elementor-element elementor-element-fbb0a2c elementor-widget elementor-widget-text-editor\" data-id=\"fbb0a2c\" data-element_type=\"widget\" data-widget_type=\"text-editor.default\">\n\t\t\t\t<div class=\"elementor-widget-container\">\n\t\t\t\t\t\t\t\t\t<p>Pridru\u017ei se nam na #loveHR Summit Slovenskem kadrovskem kongresu 2023, kjer se bomo\u00a0 kot sponzorji sodelovali tudi mi.<\/p><p>Predstavili vam bomo enega od najvplivnej\u0161ih modelov za vodenje v zadnjih 20 letih&#8230;<\/p>\t\t\t\t\t\t\t\t<\/div>\n\t\t\t\t<\/div>\n\t\t\t\t\t<\/div>\n\t\t<\/div>\n\t\t\t\t<div class=\"elementor-column elementor-col-50 elementor-top-column elementor-element elementor-element-5e4d0ea\" data-id=\"5e4d0ea\" data-element_type=\"column\" data-settings=\"{&quot;background_background&quot;:&quot;classic&quot;}\">\n\t\t\t<div class=\"elementor-widget-wrap elementor-element-populated\">\n\t\t\t\t\t<div class=\"elementor-background-overlay\"><\/div>\n\t\t\t\t\t\t<div class=\"elementor-element elementor-element-732ae5a elementor-widget elementor-widget-spacer\" data-id=\"732ae5a\" data-element_type=\"widget\" data-widget_type=\"spacer.default\">\n\t\t\t\t<div class=\"elementor-widget-container\">\n\t\t\t\t\t\t\t<div class=\"elementor-spacer\">\n\t\t\t<div class=\"elementor-spacer-inner\"><\/div>\n\t\t<\/div>\n\t\t\t\t\t\t<\/div>\n\t\t\t\t<\/div>\n\t\t\t\t<div class=\"elementor-element elementor-element-ae7bc3f elementor-widget elementor-widget-spacer\" data-id=\"ae7bc3f\" data-element_type=\"widget\" data-widget_type=\"spacer.default\">\n\t\t\t\t<div class=\"elementor-widget-container\">\n\t\t\t\t\t\t\t<div class=\"elementor-spacer\">\n\t\t\t<div class=\"elementor-spacer-inner\"><\/div>\n\t\t<\/div>\n\t\t\t\t\t\t<\/div>\n\t\t\t\t<\/div>\n\t\t\t\t<div class=\"elementor-element elementor-element-d4be21e elementor-widget elementor-widget-image\" data-id=\"d4be21e\" data-element_type=\"widget\" data-widget_type=\"image.default\">\n\t\t\t\t<div class=\"elementor-widget-container\">\n\t\t\t\t\t\t\t\t\t\t\t\t\t\t\t<img fetchpriority=\"high\" decoding=\"async\" width=\"310\" height=\"163\" src=\"https:\/\/change2value.si\/wp-content\/uploads\/2023\/03\/HR-kongres.png\" class=\"attachment-full size-full wp-image-10774\" alt=\"loveHRSumit - change2value\" srcset=\"https:\/\/change2value.si\/wp-content\/uploads\/2023\/03\/HR-kongres.png 310w, https:\/\/change2value.si\/wp-content\/uploads\/2023\/03\/HR-kongres-300x158.png 300w, https:\/\/change2value.si\/wp-content\/uploads\/2023\/03\/HR-kongres-18x9.png 18w\" sizes=\"(max-width: 310px) 100vw, 310px\" \/>\t\t\t\t\t\t\t\t\t\t\t\t\t\t\t<\/div>\n\t\t\t\t<\/div>\n\t\t\t\t\t<\/div>\n\t\t<\/div>\n\t\t\t\t\t<\/div>\n\t\t<\/section>\n\t\t\t\t<section class=\"elementor-section elementor-top-section elementor-element elementor-element-a1e59bd elementor-section-boxed elementor-section-height-default elementor-section-height-default\" data-id=\"a1e59bd\" data-element_type=\"section\">\n\t\t\t\t\t\t<div class=\"elementor-container elementor-column-gap-default\">\n\t\t\t\t\t<div class=\"elementor-column elementor-col-100 elementor-top-column elementor-element elementor-element-231fe7c\" data-id=\"231fe7c\" data-element_type=\"column\">\n\t\t\t<div class=\"elementor-widget-wrap elementor-element-populated\">\n\t\t\t\t\t\t<section class=\"elementor-section elementor-inner-section elementor-element elementor-element-99bba3d elementor-section-boxed elementor-section-height-default elementor-section-height-default\" data-id=\"99bba3d\" data-element_type=\"section\">\n\t\t\t\t\t\t<div class=\"elementor-container elementor-column-gap-default\">\n\t\t\t\t\t<div class=\"elementor-column elementor-col-50 elementor-inner-column elementor-element elementor-element-4b0e254\" data-id=\"4b0e254\" data-element_type=\"column\">\n\t\t\t<div class=\"elementor-widget-wrap elementor-element-populated\">\n\t\t\t\t\t\t<div class=\"elementor-element elementor-element-f14831f elementor-widget elementor-widget-text-editor\" data-id=\"f14831f\" data-element_type=\"widget\" data-widget_type=\"text-editor.default\">\n\t\t\t\t<div class=\"elementor-widget-container\">\n\t\t\t\t\t\t\t\t\t<p>Ima tipi\u010den vodja v va\u0161em podjetju katero od spodnjih lastnosti?<\/p><p>\u274c Mikro-upravlja namesto delegira.<\/p><p>\u274c Tekmuje z neposredno podrejenimi o \u201ckdo ve najbolj\u0161e \u201c.<\/p><p>\u274c Se izogiba te\u017ekim pogovorom z neposredno podrejenimi.<\/p><p>\u274c Prevzame delo neposredno podrejenih, namestoda bi jim dovolil opravljati svoje delo.<\/p><p>\u274c Meni, da so vpra\u0161anja neposrednih podrejenihmotnja in ne prilo\u017enost za coaching in razvoj.<\/p>\t\t\t\t\t\t\t\t<\/div>\n\t\t\t\t<\/div>\n\t\t\t\t\t<\/div>\n\t\t<\/div>\n\t\t\t\t<div class=\"elementor-column elementor-col-50 elementor-inner-column elementor-element elementor-element-f83a104\" data-id=\"f83a104\" data-element_type=\"column\">\n\t\t\t<div class=\"elementor-widget-wrap elementor-element-populated\">\n\t\t\t\t\t\t<div class=\"elementor-element elementor-element-5b07bf5 elementor-widget elementor-widget-spacer\" data-id=\"5b07bf5\" data-element_type=\"widget\" data-widget_type=\"spacer.default\">\n\t\t\t\t<div class=\"elementor-widget-container\">\n\t\t\t\t\t\t\t<div class=\"elementor-spacer\">\n\t\t\t<div class=\"elementor-spacer-inner\"><\/div>\n\t\t<\/div>\n\t\t\t\t\t\t<\/div>\n\t\t\t\t<\/div>\n\t\t\t\t<div class=\"elementor-element elementor-element-f02d4ad elementor-widget elementor-widget-image\" data-id=\"f02d4ad\" data-element_type=\"widget\" data-widget_type=\"image.default\">\n\t\t\t\t<div class=\"elementor-widget-container\">\n\t\t\t\t\t\t\t\t\t\t\t\t\t\t\t<img decoding=\"async\" width=\"800\" height=\"450\" src=\"https:\/\/change2value.si\/wp-content\/uploads\/2023\/03\/KK-2023-16-9-1024x576.png\" class=\"attachment-large size-large wp-image-10801\" alt=\"Slovenski kadrovski kongres - change2value\" srcset=\"https:\/\/change2value.si\/wp-content\/uploads\/2023\/03\/KK-2023-16-9-1024x576.png 1024w, https:\/\/change2value.si\/wp-content\/uploads\/2023\/03\/KK-2023-16-9-300x169.png 300w, https:\/\/change2value.si\/wp-content\/uploads\/2023\/03\/KK-2023-16-9-768x432.png 768w, https:\/\/change2value.si\/wp-content\/uploads\/2023\/03\/KK-2023-16-9-1536x864.png 1536w, https:\/\/change2value.si\/wp-content\/uploads\/2023\/03\/KK-2023-16-9-18x10.png 18w, https:\/\/change2value.si\/wp-content\/uploads\/2023\/03\/KK-2023-16-9-600x338.png 600w, https:\/\/change2value.si\/wp-content\/uploads\/2023\/03\/KK-2023-16-9.png 1920w\" sizes=\"(max-width: 800px) 100vw, 800px\" \/>\t\t\t\t\t\t\t\t\t\t\t\t\t\t\t<\/div>\n\t\t\t\t<\/div>\n\t\t\t\t\t<\/div>\n\t\t<\/div>\n\t\t\t\t\t<\/div>\n\t\t<\/section>\n\t\t\t\t<div class=\"elementor-element elementor-element-3a44190 elementor-widget elementor-widget-text-editor\" data-id=\"3a44190\" data-element_type=\"widget\" data-widget_type=\"text-editor.default\">\n\t\t\t\t<div class=\"elementor-widget-container\">\n\t\t\t\t\t\t\t\t\t<p>Zavesten prehod iz zaposlenega v vodjo zahteva, da oseba izpusti obna\u0161anja, zaradi katerih je bila na prej\u0161njem delovnem mestu uspe\u0161na in sprejme povsem nova obna\u0161anja.<\/p><p>Gre za spremembo:<\/p><p>\u2705 Poslovnih vrednot,<\/p><p>\u2705 razporejanja \u010dasa,<\/p><p>\u2705 spretnosti.<\/p><p>S prehodi med organizacijskimi ravnmi se ukvarja danska metodologija LeadershipPipeline, ki je v Sloveniji sedaj dostopna v slovenskem jeziku preko doma\u010dih strokovnjakov.<\/p><p>\u017deli\u0161 izvedeti ve\u010d? Pridru\u017ei se nam na #loveHR Summit Slovenskem kadrovskem kongresu 2023, kjer ti bomo z veseljem odgovorili na vpra\u0161anja.<\/p>\t\t\t\t\t\t\t\t<\/div>\n\t\t\t\t<\/div>\n\t\t\t\t\t<\/div>\n\t\t<\/div>\n\t\t\t\t\t<\/div>\n\t\t<\/section>\n\t\t\t\t<section class=\"elementor-section elementor-top-section elementor-element elementor-element-4933392 elementor-section-boxed elementor-section-height-default elementor-section-height-default\" data-id=\"4933392\" data-element_type=\"section\">\n\t\t\t\t\t\t<div class=\"elementor-container elementor-column-gap-default\">\n\t\t\t\t\t<div class=\"elementor-column elementor-col-100 elementor-top-column elementor-element elementor-element-7d91e5a\" data-id=\"7d91e5a\" data-element_type=\"column\">\n\t\t\t<div class=\"elementor-widget-wrap elementor-element-populated\">\n\t\t\t\t\t\t<div class=\"elementor-element elementor-element-a93c403 elementor-align-center elementor-widget elementor-widget-button\" data-id=\"a93c403\" data-element_type=\"widget\" data-widget_type=\"button.default\">\n\t\t\t\t<div class=\"elementor-widget-container\">\n\t\t\t\t\t\t\t\t\t<div class=\"elementor-button-wrapper\">\n\t\t\t\t\t<a class=\"elementor-button elementor-button-link elementor-size-sm\" href=\"https:\/\/skkongres.si\/prijava\/\">\n\t\t\t\t\t\t<span class=\"elementor-button-content-wrapper\">\n\t\t\t\t\t\t\t\t\t<span class=\"elementor-button-text\">Registriraj se \u0161e danes<\/span>\n\t\t\t\t\t<\/span>\n\t\t\t\t\t<\/a>\n\t\t\t\t<\/div>\n\t\t\t\t\t\t\t\t<\/div>\n\t\t\t\t<\/div>\n\t\t\t\t\t<\/div>\n\t\t<\/div>\n\t\t\t\t\t<\/div>\n\t\t<\/section>\n\t\t\t\t<\/div>","protected":false},"excerpt":{"rendered":"<p>#loveHR Summit Slovenski kadrovski kongres 2023 13. &#8211; 14. April 2023 Pridru\u017ei se nam na #loveHR Summit Slovenskem kadrovskem kongresu 2023, kjer se bomo&nbsp; kot sponzorji sodelovali tudi mi. Predstavili vam bomo enega od najvplivnej\u0161ih modelov za vodenje v zadnjih 20 letih&#8230; Ima tipi\u010den vodja v va\u0161em podjetju katero od spodnjih lastnosti? \u274c Mikro-upravlja namesto [&hellip;]<\/p>","protected":false},"author":5,"featured_media":10774,"comment_status":"open","ping_status":"open","sticky":false,"template":"","format":"standard","meta":{"footnotes":""},"categories":[77],"tags":[],"class_list":["post-10773","post","type-post","status-publish","format-standard","has-post-thumbnail","hentry","category-dogodki"],"_links":{"self":[{"href":"https:\/\/change2value.si\/en\/wp-json\/wp\/v2\/posts\/10773","targetHints":{"allow":["GET"]}}],"collection":[{"href":"https:\/\/change2value.si\/en\/wp-json\/wp\/v2\/posts"}],"about":[{"href":"https:\/\/change2value.si\/en\/wp-json\/wp\/v2\/types\/post"}],"author":[{"embeddable":true,"href":"https:\/\/change2value.si\/en\/wp-json\/wp\/v2\/users\/5"}],"replies":[{"embeddable":true,"href":"https:\/\/change2value.si\/en\/wp-json\/wp\/v2\/comments?post=10773"}],"version-history":[{"count":1,"href":"https:\/\/change2value.si\/en\/wp-json\/wp\/v2\/posts\/10773\/revisions"}],"predecessor-version":[{"id":11021,"href":"https:\/\/change2value.si\/en\/wp-json\/wp\/v2\/posts\/10773\/revisions\/11021"}],"wp:featuredmedia":[{"embeddable":true,"href":"https:\/\/change2value.si\/en\/wp-json\/wp\/v2\/media\/10774"}],"wp:attachment":[{"href":"https:\/\/change2value.si\/en\/wp-json\/wp\/v2\/media?parent=10773"}],"wp:term":[{"taxonomy":"category","embeddable":true,"href":"https:\/\/change2value.si\/en\/wp-json\/wp\/v2\/categories?post=10773"},{"taxonomy":"post_tag","embeddable":true,"href":"https:\/\/change2value.si\/en\/wp-json\/wp\/v2\/tags?post=10773"}],"curies":[{"name":"wp","href":"https:\/\/api.w.org\/{rel}","templated":true}]}}